{"id":23553,"date":"2024-07-30T11:35:16","date_gmt":"2024-07-30T14:35:16","guid":{"rendered":"https:\/\/rdsaude.com.br\/?p=23553"},"modified":"2024-11-19T11:43:33","modified_gmt":"2024-11-19T14:43:33","slug":"ana-paula-arosio-ressurge-em-nova-campanha-da-marca-bwell-veja-video","status":"publish","type":"post","link":"https:\/\/rdsaude.com.br\/en\/ana-paula-arosio-ressurge-em-nova-campanha-da-marca-bwell-veja-video\/","title":{"rendered":"Ana Paula Ar\u00f3sio ressurge em nova campanha da marca Bwell; veja v\u00eddeo"},"content":{"rendered":"<p>A\u00e7\u00e3o com atriz \u00e9 o maior investimento em publicidade j\u00e1 feito pela marca<\/p>\n<p>Afastada das telinhas e do mundo art\u00edstico h\u00e1 alguns anos, a atriz Ana Paula Ar\u00f3sio reapareceu nesta ter\u00e7a-feira, 30, estrelando a nova campanha da Bwell, marca de suplementa\u00e7\u00e3o de sa\u00fade integral da RD Sa\u00fade, dona das drogarias Raia e Drogasil.<\/p>\n<p>Conhecida por seus pap\u00e9is em novelas da TV Globo, como &#8220;Hilda Furac\u00e3o&#8221;, &#8220;Terra Nostra&#8221; e &#8220;Esperan\u00e7a&#8221;, Ar\u00f3sio tornou-se uma das maiores atrizes da TV brasileira. Em 2010, afastou-se da televis\u00e3o para viver longe dos holofotes e perto da natureza, aparecendo esporadicamente no cinema, o que torna cada apari\u00e7\u00e3o sua muito aguardada pelo p\u00fablico.<\/p>\n<p>Em 2020, o Santander escalou a atriz para a divulga\u00e7\u00e3o do Pix com uma brincadeira sobre seu sumi\u00e7o. Agora, na campanha da Bwell, ela promove produtos de bem-estar, destacando vitaminas e suplementos. Com o slogan \u201cEscolha o lado Bwell da vida\u201d, a campanha quer mostrar que cuidar da sa\u00fade pode ser simples e que as pessoas t\u00eam o direito de fazer escolhas significativas.<\/p>\n<p>&#8220;Procuramos mostrar que uma vida equilibrada e saud\u00e1vel \u00e9 feita de pequenas escolhas di\u00e1rias, individuais e \u00fanicas. Ana Paula \u00e9 a representa\u00e7\u00e3o disso. Suas escolhas sempre foram pautadas em um olhar muito pr\u00f3prio e voltado para sua sa\u00fade integral. A atriz \u00e9 uma figura extremamente querida dos brasileiros, simboliza a op\u00e7\u00e3o por um estilo de vida leve, mais saud\u00e1vel e alinhado aos valores em que ela acredita\u201d, diz Lah Nascimento, gerente de comunica\u00e7\u00e3o e branding de marcas pr\u00f3prias da RD Sa\u00fade.<\/p>\n<p>As pe\u00e7as para TV paga, streaming, canais digitais e cinema mostram Ar\u00f3sio em situa\u00e7\u00f5es do dia a dia. \u201cA Bwell tem tudo a ver comigo, com a minha hist\u00f3ria e com as minhas escolhas. Sempre priorizei minha sa\u00fade e meu bem-estar e escolhi estar bem. \u00c9 a marca que mais materializou essa minha vis\u00e3o. \u00c9 como se meu estilo de vida agora tivesse um nome&#8221;, afirma Ana Paula Ar\u00f3sio.<\/p>\n<p>Desenvolvida pela McCann Health Brasil, a campanha, planejada ao longo de seis meses por uma equipe de 22 pessoas, \u00e9 o maior investimento publicit\u00e1rio da Bwell at\u00e9 hoje. Segundo o F5, da Folha de S.Paulo, Ana Paula Ar\u00f3sio recebeu R$ 700 mil de cach\u00ea para estrelar o comercial. A RD Sa\u00fade informou \u00e0 EXAME, no entanto, que n\u00e3o comentaria o assunto.<\/p>\n<p>\u201c\u00c9 uma comunica\u00e7\u00e3o ampla e integrada com uma garota-propaganda que conversa com os mais diversos p\u00fablicos e que de fato pode transmitir com autenticidade \u00e0 mensagem do &#8220;Escolha o Lado Bwell da Vida\u2019\u201d, explica Carolina Gon\u00e7alves, consumer business director da McCann Health Brasil.<\/p>\n<p><strong>Faturamento aumentou em 10 vezes<\/strong><\/p>\n<p>Segunda principal marca pr\u00f3pria em faturamento do grupo RD Sa\u00fade, a Bwell viu suas vendas aumentarem 10 vezes entre maio de 2023 e maio de 2024. Os produtos s\u00e3o vendidos exclusivamente nas farm\u00e1cias e canais digitais da Raia e Drogasil.<\/p>\n<p>A marca foi idealizada para levar cuidados integrais e preventivos \u00e0s prateleiras da farm\u00e1cia com foco em suplementos e vitaminas. O cat\u00e1logo da Bwell tem produtos como suplementos, vitaminas, complementos alimentares, \u00f4mega 3, entre outros.<\/p>\n<p>\u201cA nossa proposta \u00e9 levar sa\u00fade integral e preven\u00e7\u00e3o a um n\u00famero cada vez maior de pessoas. Por exemplo, algu\u00e9m que nunca tomou \u00f4mega 3 ou c\u00e1lcio e recebe recomenda\u00e7\u00e3o m\u00e9dica para fazer a suplementa\u00e7\u00e3o precisa encontrar no mercado op\u00e7\u00f5es mais acess\u00edveis e de alta qualidade, como \u00e9 o caso dos nossos produtos Bwell\u201d, diz Renata Mascarenhas, diretora de marcas pr\u00f3prias da RD Sa\u00fade.<\/p>\n<p>Na vis\u00e3o de Ana Paula Ar\u00f3sio, a sa\u00fade futura depende de escolhas di\u00e1rias para manter a qualidade de vida, especialmente aquelas que mant\u00eam corpo e mente. &#8220;A sa\u00fade mental \u00e9 determinante para que se possa fazer escolhas saud\u00e1veis para o corpo e para a mente, com a devida ajuda de pessoas e produtos qualificados para a manuten\u00e7\u00e3o da qualidade de vida. Minhas escolhas incluem a luta di\u00e1ria pelo bem-estar e desde sempre foram pautadas numa vis\u00e3o integrada entre o corpo e a mente&#8221;, comenta.<\/p>\n<p>Para saber mais, acesse: <a href=\"https:\/\/exame.com\/marketing\/ana-paula-arosio-resurge-em-nova-campanha-da-marca-bwell-veja-video\/\">https:\/\/exame.com\/marketing\/ana-paula-arosio-resurge-em-nova-campanha-da-marca-bwell-veja-video\/<\/a><\/p>\n<div class=\"ratio ratio-16x9\"><iframe title=\"Viva a sa\u00fade do seu jeito, escolha o lado bwell da vida\" width=\"800\" height=\"450\" src=\"https:\/\/www.youtube.com\/embed\/crr2uLgZVfQ?feature=oembed\" frameborder=\"0\" allow=\"accelerometer; autoplay; clipboard-write; encrypted-media; gyroscope; picture-in-picture; web-share\" referrerpolicy=\"strict-origin-when-cross-origin\" allowfullscreen><\/iframe><\/div>\n","protected":false},"excerpt":{"rendered":"<p>A\u00e7\u00e3o com atriz \u00e9 o maior investimento em publicidade j\u00e1 feito pela marca Afastada das telinhas e do mundo art\u00edstico h\u00e1 alguns anos, a atriz Ana Paula Ar\u00f3sio reapareceu nesta ter\u00e7a-feira, 30, estrelando a nova campanha da Bwell, marca de suplementa\u00e7\u00e3o de sa\u00fade integral da RD Sa\u00fade, dona das drogarias Raia e Drogasil. Conhecida por [&hellip;]<\/p>\n","protected":false},"author":39,"featured_media":0,"comment_status":"open","ping_status":"open","sticky":false,"template":"","format":"standard","meta":{"footnotes":""},"categories":[40],"tags":[],"class_list":["post-23553","post","type-post","status-publish","format-standard","hentry","category-news"],"yoast_head":"<!-- This site is optimized with the Yoast SEO Premium plugin v25.0 (Yoast SEO v25.0) - https:\/\/yoast.com\/wordpress\/plugins\/seo\/ -->\n<title>Ana Paula Ar\u00f3sio ressurge em nova campanha da marca Bwell; veja v\u00eddeo - RD - People, Health and Welfare<\/title>\n<meta name=\"robots\" content=\"index, follow, max-snippet:-1, max-image-preview:large, max-video-preview:-1\" \/>\n<link rel=\"canonical\" href=\"https:\/\/rdsaude.com.br\/en\/ana-paula-arosio-ressurge-em-nova-campanha-da-marca-bwell-veja-video\/\" \/>\n<meta property=\"og:locale\" content=\"en_US\" \/>\n<meta property=\"og:type\" content=\"article\" \/>\n<meta property=\"og:title\" content=\"Ana Paula Ar\u00f3sio ressurge em nova campanha da marca Bwell; veja v\u00eddeo\" \/>\n<meta property=\"og:description\" content=\"A\u00e7\u00e3o com atriz \u00e9 o maior investimento em publicidade j\u00e1 feito pela marca Afastada das telinhas e do mundo art\u00edstico h\u00e1 alguns anos, a atriz Ana Paula Ar\u00f3sio reapareceu nesta ter\u00e7a-feira, 30, estrelando a nova campanha da Bwell, marca de suplementa\u00e7\u00e3o de sa\u00fade integral da RD Sa\u00fade, dona das drogarias Raia e Drogasil. Conhecida por [&hellip;]\" \/>\n<meta property=\"og:url\" content=\"https:\/\/rdsaude.com.br\/en\/ana-paula-arosio-ressurge-em-nova-campanha-da-marca-bwell-veja-video\/\" \/>\n<meta property=\"og:site_name\" content=\"RD - People, Health and Welfare\" \/>\n<meta property=\"article:publisher\" content=\"https:\/\/www.facebook.com\/RDSaudeOficial\/\" \/>\n<meta property=\"article:published_time\" content=\"2024-07-30T14:35:16+00:00\" \/>\n<meta property=\"article:modified_time\" content=\"2024-11-19T14:43:33+00:00\" \/>\n<meta name=\"author\" content=\"Tiago\" \/>\n<meta name=\"twitter:card\" content=\"summary_large_image\" \/>\n<meta name=\"twitter:label1\" content=\"Written by\" \/>\n\t<meta name=\"twitter:data1\" content=\"Tiago\" \/>\n\t<meta name=\"twitter:label2\" content=\"Est. reading time\" \/>\n\t<meta name=\"twitter:data2\" content=\"4 minutes\" \/>\n<script type=\"application\/ld+json\" class=\"yoast-schema-graph\">{\"@context\":\"https:\/\/schema.org\",\"@graph\":[{\"@type\":\"Article\",\"@id\":\"https:\/\/rdsaude.com.br\/en\/ana-paula-arosio-ressurge-em-nova-campanha-da-marca-bwell-veja-video\/#article\",\"isPartOf\":{\"@id\":\"https:\/\/rdsaude.com.br\/en\/ana-paula-arosio-ressurge-em-nova-campanha-da-marca-bwell-veja-video\/\"},\"author\":{\"name\":\"Tiago\",\"@id\":\"https:\/\/rdsaude.com.br\/en\/#\/schema\/person\/25ee5c30c6068c39e00088a8234fb579\"},\"headline\":\"Ana Paula Ar\u00f3sio ressurge em nova campanha da marca Bwell; veja v\u00eddeo\",\"datePublished\":\"2024-07-30T14:35:16+00:00\",\"dateModified\":\"2024-11-19T14:43:33+00:00\",\"mainEntityOfPage\":{\"@id\":\"https:\/\/rdsaude.com.br\/en\/ana-paula-arosio-ressurge-em-nova-campanha-da-marca-bwell-veja-video\/\"},\"wordCount\":731,\"commentCount\":0,\"publisher\":{\"@id\":\"https:\/\/rdsaude.com.br\/en\/#organization\"},\"articleSection\":[\"News\"],\"inLanguage\":\"en-US\",\"potentialAction\":[{\"@type\":\"CommentAction\",\"name\":\"Comment\",\"target\":[\"https:\/\/rdsaude.com.br\/en\/ana-paula-arosio-ressurge-em-nova-campanha-da-marca-bwell-veja-video\/#respond\"]}]},{\"@type\":\"WebPage\",\"@id\":\"https:\/\/rdsaude.com.br\/en\/ana-paula-arosio-ressurge-em-nova-campanha-da-marca-bwell-veja-video\/\",\"url\":\"https:\/\/rdsaude.com.br\/en\/ana-paula-arosio-ressurge-em-nova-campanha-da-marca-bwell-veja-video\/\",\"name\":\"Ana Paula Ar\u00f3sio ressurge em nova campanha da marca Bwell; veja v\u00eddeo - RD - People, Health and Welfare\",\"isPartOf\":{\"@id\":\"https:\/\/rdsaude.com.br\/en\/#website\"},\"datePublished\":\"2024-07-30T14:35:16+00:00\",\"dateModified\":\"2024-11-19T14:43:33+00:00\",\"breadcrumb\":{\"@id\":\"https:\/\/rdsaude.com.br\/en\/ana-paula-arosio-ressurge-em-nova-campanha-da-marca-bwell-veja-video\/#breadcrumb\"},\"inLanguage\":\"en-US\",\"potentialAction\":[{\"@type\":\"ReadAction\",\"target\":[\"https:\/\/rdsaude.com.br\/en\/ana-paula-arosio-ressurge-em-nova-campanha-da-marca-bwell-veja-video\/\"]}]},{\"@type\":\"BreadcrumbList\",\"@id\":\"https:\/\/rdsaude.com.br\/en\/ana-paula-arosio-ressurge-em-nova-campanha-da-marca-bwell-veja-video\/#breadcrumb\",\"itemListElement\":[{\"@type\":\"ListItem\",\"position\":1,\"name\":\"In\u00edcio\",\"item\":\"https:\/\/rdsaude.com.br\/en\/\"},{\"@type\":\"ListItem\",\"position\":2,\"name\":\"Ana Paula Ar\u00f3sio ressurge em nova campanha da marca Bwell; veja v\u00eddeo\"}]},{\"@type\":\"WebSite\",\"@id\":\"https:\/\/rdsaude.com.br\/en\/#website\",\"url\":\"https:\/\/rdsaude.com.br\/en\/\",\"name\":\"RD Sa\u00fade\",\"description\":\"\",\"publisher\":{\"@id\":\"https:\/\/rdsaude.com.br\/en\/#organization\"},\"potentialAction\":[{\"@type\":\"SearchAction\",\"target\":{\"@type\":\"EntryPoint\",\"urlTemplate\":\"https:\/\/rdsaude.com.br\/en\/?s={search_term_string}\"},\"query-input\":{\"@type\":\"PropertyValueSpecification\",\"valueRequired\":true,\"valueName\":\"search_term_string\"}}],\"inLanguage\":\"en-US\"},{\"@type\":\"Organization\",\"@id\":\"https:\/\/rdsaude.com.br\/en\/#organization\",\"name\":\"RD Sa\u00fade\",\"url\":\"https:\/\/rdsaude.com.br\/en\/\",\"logo\":{\"@type\":\"ImageObject\",\"inLanguage\":\"en-US\",\"@id\":\"https:\/\/rdsaude.com.br\/en\/#\/schema\/logo\/image\/\",\"url\":\"https:\/\/rdsaude.com.br\/wp-content\/uploads\/2024\/03\/b61a97dc-logo-rdsaude.svg\",\"contentUrl\":\"https:\/\/rdsaude.com.br\/wp-content\/uploads\/2024\/03\/b61a97dc-logo-rdsaude.svg\",\"caption\":\"RD Sa\u00fade\"},\"image\":{\"@id\":\"https:\/\/rdsaude.com.br\/en\/#\/schema\/logo\/image\/\"},\"sameAs\":[\"https:\/\/www.facebook.com\/RDSaudeOficial\/\"]},{\"@type\":\"Person\",\"@id\":\"https:\/\/rdsaude.com.br\/en\/#\/schema\/person\/25ee5c30c6068c39e00088a8234fb579\",\"name\":\"Tiago\",\"image\":{\"@type\":\"ImageObject\",\"inLanguage\":\"en-US\",\"@id\":\"https:\/\/rdsaude.com.br\/en\/#\/schema\/person\/image\/\",\"url\":\"https:\/\/secure.gravatar.com\/avatar\/84b0ec04c3cde959dea8a98e8644bbc5cc6611a06faf9131012146ae1d837e39?s=96&d=mm&r=g\",\"contentUrl\":\"https:\/\/secure.gravatar.com\/avatar\/84b0ec04c3cde959dea8a98e8644bbc5cc6611a06faf9131012146ae1d837e39?s=96&d=mm&r=g\",\"caption\":\"Tiago\"},\"url\":\"https:\/\/rdsaude.com.br\/en\/author\/tiago-plank\/\"}]}<\/script>\n<!-- \/ Yoast SEO Premium plugin. -->","yoast_head_json":{"title":"Ana Paula Ar\u00f3sio ressurge em nova campanha da marca Bwell; veja v\u00eddeo - RD - People, Health and Welfare","robots":{"index":"index","follow":"follow","max-snippet":"max-snippet:-1","max-image-preview":"max-image-preview:large","max-video-preview":"max-video-preview:-1"},"canonical":"https:\/\/rdsaude.com.br\/en\/ana-paula-arosio-ressurge-em-nova-campanha-da-marca-bwell-veja-video\/","og_locale":"en_US","og_type":"article","og_title":"Ana Paula Ar\u00f3sio ressurge em nova campanha da marca Bwell; veja v\u00eddeo","og_description":"A\u00e7\u00e3o com atriz \u00e9 o maior investimento em publicidade j\u00e1 feito pela marca Afastada das telinhas e do mundo art\u00edstico h\u00e1 alguns anos, a atriz Ana Paula Ar\u00f3sio reapareceu nesta ter\u00e7a-feira, 30, estrelando a nova campanha da Bwell, marca de suplementa\u00e7\u00e3o de sa\u00fade integral da RD Sa\u00fade, dona das drogarias Raia e Drogasil. Conhecida por [&hellip;]","og_url":"https:\/\/rdsaude.com.br\/en\/ana-paula-arosio-ressurge-em-nova-campanha-da-marca-bwell-veja-video\/","og_site_name":"RD - People, Health and Welfare","article_publisher":"https:\/\/www.facebook.com\/RDSaudeOficial\/","article_published_time":"2024-07-30T14:35:16+00:00","article_modified_time":"2024-11-19T14:43:33+00:00","author":"Tiago","twitter_card":"summary_large_image","twitter_misc":{"Written by":"Tiago","Est. reading time":"4 minutes"},"schema":{"@context":"https:\/\/schema.org","@graph":[{"@type":"Article","@id":"https:\/\/rdsaude.com.br\/en\/ana-paula-arosio-ressurge-em-nova-campanha-da-marca-bwell-veja-video\/#article","isPartOf":{"@id":"https:\/\/rdsaude.com.br\/en\/ana-paula-arosio-ressurge-em-nova-campanha-da-marca-bwell-veja-video\/"},"author":{"name":"Tiago","@id":"https:\/\/rdsaude.com.br\/en\/#\/schema\/person\/25ee5c30c6068c39e00088a8234fb579"},"headline":"Ana Paula Ar\u00f3sio ressurge em nova campanha da marca Bwell; veja v\u00eddeo","datePublished":"2024-07-30T14:35:16+00:00","dateModified":"2024-11-19T14:43:33+00:00","mainEntityOfPage":{"@id":"https:\/\/rdsaude.com.br\/en\/ana-paula-arosio-ressurge-em-nova-campanha-da-marca-bwell-veja-video\/"},"wordCount":731,"commentCount":0,"publisher":{"@id":"https:\/\/rdsaude.com.br\/en\/#organization"},"articleSection":["News"],"inLanguage":"en-US","potentialAction":[{"@type":"CommentAction","name":"Comment","target":["https:\/\/rdsaude.com.br\/en\/ana-paula-arosio-ressurge-em-nova-campanha-da-marca-bwell-veja-video\/#respond"]}]},{"@type":"WebPage","@id":"https:\/\/rdsaude.com.br\/en\/ana-paula-arosio-ressurge-em-nova-campanha-da-marca-bwell-veja-video\/","url":"https:\/\/rdsaude.com.br\/en\/ana-paula-arosio-ressurge-em-nova-campanha-da-marca-bwell-veja-video\/","name":"Ana Paula Ar\u00f3sio ressurge em nova campanha da marca Bwell; veja v\u00eddeo - RD - People, Health and Welfare","isPartOf":{"@id":"https:\/\/rdsaude.com.br\/en\/#website"},"datePublished":"2024-07-30T14:35:16+00:00","dateModified":"2024-11-19T14:43:33+00:00","breadcrumb":{"@id":"https:\/\/rdsaude.com.br\/en\/ana-paula-arosio-ressurge-em-nova-campanha-da-marca-bwell-veja-video\/#breadcrumb"},"inLanguage":"en-US","potentialAction":[{"@type":"ReadAction","target":["https:\/\/rdsaude.com.br\/en\/ana-paula-arosio-ressurge-em-nova-campanha-da-marca-bwell-veja-video\/"]}]},{"@type":"BreadcrumbList","@id":"https:\/\/rdsaude.com.br\/en\/ana-paula-arosio-ressurge-em-nova-campanha-da-marca-bwell-veja-video\/#breadcrumb","itemListElement":[{"@type":"ListItem","position":1,"name":"In\u00edcio","item":"https:\/\/rdsaude.com.br\/en\/"},{"@type":"ListItem","position":2,"name":"Ana Paula Ar\u00f3sio ressurge em nova campanha da marca Bwell; veja v\u00eddeo"}]},{"@type":"WebSite","@id":"https:\/\/rdsaude.com.br\/en\/#website","url":"https:\/\/rdsaude.com.br\/en\/","name":"RD Sa\u00fade","description":"","publisher":{"@id":"https:\/\/rdsaude.com.br\/en\/#organization"},"potentialAction":[{"@type":"SearchAction","target":{"@type":"EntryPoint","urlTemplate":"https:\/\/rdsaude.com.br\/en\/?s={search_term_string}"},"query-input":{"@type":"PropertyValueSpecification","valueRequired":true,"valueName":"search_term_string"}}],"inLanguage":"en-US"},{"@type":"Organization","@id":"https:\/\/rdsaude.com.br\/en\/#organization","name":"RD Sa\u00fade","url":"https:\/\/rdsaude.com.br\/en\/","logo":{"@type":"ImageObject","inLanguage":"en-US","@id":"https:\/\/rdsaude.com.br\/en\/#\/schema\/logo\/image\/","url":"https:\/\/rdsaude.com.br\/wp-content\/uploads\/2024\/03\/b61a97dc-logo-rdsaude.svg","contentUrl":"https:\/\/rdsaude.com.br\/wp-content\/uploads\/2024\/03\/b61a97dc-logo-rdsaude.svg","caption":"RD Sa\u00fade"},"image":{"@id":"https:\/\/rdsaude.com.br\/en\/#\/schema\/logo\/image\/"},"sameAs":["https:\/\/www.facebook.com\/RDSaudeOficial\/"]},{"@type":"Person","@id":"https:\/\/rdsaude.com.br\/en\/#\/schema\/person\/25ee5c30c6068c39e00088a8234fb579","name":"Tiago","image":{"@type":"ImageObject","inLanguage":"en-US","@id":"https:\/\/rdsaude.com.br\/en\/#\/schema\/person\/image\/","url":"https:\/\/secure.gravatar.com\/avatar\/84b0ec04c3cde959dea8a98e8644bbc5cc6611a06faf9131012146ae1d837e39?s=96&d=mm&r=g","contentUrl":"https:\/\/secure.gravatar.com\/avatar\/84b0ec04c3cde959dea8a98e8644bbc5cc6611a06faf9131012146ae1d837e39?s=96&d=mm&r=g","caption":"Tiago"},"url":"https:\/\/rdsaude.com.br\/en\/author\/tiago-plank\/"}]}},"_links":{"self":[{"href":"https:\/\/rdsaude.com.br\/en\/wp-json\/wp\/v2\/posts\/23553","targetHints":{"allow":["GET"]}}],"collection":[{"href":"https:\/\/rdsaude.com.br\/en\/wp-json\/wp\/v2\/posts"}],"about":[{"href":"https:\/\/rdsaude.com.br\/en\/wp-json\/wp\/v2\/types\/post"}],"author":[{"embeddable":true,"href":"https:\/\/rdsaude.com.br\/en\/wp-json\/wp\/v2\/users\/39"}],"replies":[{"embeddable":true,"href":"https:\/\/rdsaude.com.br\/en\/wp-json\/wp\/v2\/comments?post=23553"}],"version-history":[{"count":0,"href":"https:\/\/rdsaude.com.br\/en\/wp-json\/wp\/v2\/posts\/23553\/revisions"}],"wp:attachment":[{"href":"https:\/\/rdsaude.com.br\/en\/wp-json\/wp\/v2\/media?parent=23553"}],"wp:term":[{"taxonomy":"category","embeddable":true,"href":"https:\/\/rdsaude.com.br\/en\/wp-json\/wp\/v2\/categories?post=23553"},{"taxonomy":"post_tag","embeddable":true,"href":"https:\/\/rdsaude.com.br\/en\/wp-json\/wp\/v2\/tags?post=23553"}],"curies":[{"name":"wp","href":"https:\/\/api.w.org\/{rel}","templated":true}]}}